{"id":956,"date":"2025-07-25T22:16:36","date_gmt":"2025-07-25T22:16:36","guid":{"rendered":"https:\/\/plasfich.pt\/plasfich-amplia-su-aparcamiento-con-una-solucion-de-energia-solar\/"},"modified":"2025-09-27T10:54:14","modified_gmt":"2025-09-27T10:54:14","slug":"plasfich-amplia-su-aparcamiento-con-una-solucion-de-energia-solar","status":"publish","type":"post","link":"https:\/\/plasfich.pt\/es\/plasfich-amplia-su-aparcamiento-con-una-solucion-de-energia-solar\/","title":{"rendered":"Plasfich ampl\u00eda su aparcamiento con una soluci\u00f3n de energ\u00eda solar"},"content":{"rendered":"\n<h3 class=\"wp-block-heading\"><strong>Sostenibilidad e innovaci\u00f3n de la mano<\/strong><\/h3>\n\n<p>Plasfich ha dado un paso m\u00e1s en su estrategia de sostenibilidad con la ampliaci\u00f3n de su aparcamiento, ahora equipado con una estructura de tipo <strong>Carport<\/strong> que integra un <strong>sistema solar fotovoltaico para autoconsumo<\/strong>.<\/p>\n\n<p>El nuevo sistema tiene una potencia instalada de <strong>20,52 kWp<\/strong> y una producci\u00f3n anual estimada de <strong>31,03 MWh<\/strong>, lo que evitar\u00e1 la emisi\u00f3n de unas <strong>15 toneladas de CO\u2082<\/strong> al a\u00f1o, el equivalente a la plantaci\u00f3n de <strong>105 \u00e1rboles<\/strong>.<\/p>\n\n<p>Esta inversi\u00f3n refuerza nuestro compromiso con las <strong>energ\u00edas renovables<\/strong> y la <strong>eficiencia energ\u00e9tica<\/strong>, promoviendo una mayor <strong>independencia energ\u00e9tica<\/strong> y contribuyendo activamente a los <strong>Objetivos de Desarrollo Sostenible (ODS)<\/strong>.<\/p>\n\n<p>La estructura fotovoltaica instalada, suministrada por <strong>Smartwatt<\/strong>, cumple todos los requisitos del <strong>Decreto-Ley 15\/2022<\/strong> y representa m\u00e1s que una mejora infraestructural: es un paso firme hacia un futuro m\u00e1s verde y responsable.<\/p>\n","protected":false},"excerpt":{"rendered":"<p>Sostenibilidad e innovaci\u00f3n de la mano Plasfich ha dado un paso m\u00e1s en su estrategia de sostenibilidad con la ampliaci\u00f3n de su aparcamiento, ahora equipado con<span class=\"excerpt-hellip\"> [\u2026]<\/span><\/p>\n","protected":false},"author":2,"featured_media":943,"comment_status":"closed","ping_status":"closed","sticky":false,"template":"","format":"standard","meta":{"footnotes":""},"categories":[54],"tags":[],"class_list":["post-956","post","type-post","status-publish","format-standard","has-post-thumbnail","hentry","category-noticias"],"_links":{"self":[{"href":"https:\/\/plasfich.pt\/es\/wp-json\/wp\/v2\/posts\/956","targetHints":{"allow":["GET"]}}],"collection":[{"href":"https:\/\/plasfich.pt\/es\/wp-json\/wp\/v2\/posts"}],"about":[{"href":"https:\/\/plasfich.pt\/es\/wp-json\/wp\/v2\/types\/post"}],"author":[{"embeddable":true,"href":"https:\/\/plasfich.pt\/es\/wp-json\/wp\/v2\/users\/2"}],"replies":[{"embeddable":true,"href":"https:\/\/plasfich.pt\/es\/wp-json\/wp\/v2\/comments?post=956"}],"version-history":[{"count":2,"href":"https:\/\/plasfich.pt\/es\/wp-json\/wp\/v2\/posts\/956\/revisions"}],"predecessor-version":[{"id":1032,"href":"https:\/\/plasfich.pt\/es\/wp-json\/wp\/v2\/posts\/956\/revisions\/1032"}],"wp:featuredmedia":[{"embeddable":true,"href":"https:\/\/plasfich.pt\/es\/wp-json\/wp\/v2\/media\/943"}],"wp:attachment":[{"href":"https:\/\/plasfich.pt\/es\/wp-json\/wp\/v2\/media?parent=956"}],"wp:term":[{"taxonomy":"category","embeddable":true,"href":"https:\/\/plasfich.pt\/es\/wp-json\/wp\/v2\/categories?post=956"},{"taxonomy":"post_tag","embeddable":true,"href":"https:\/\/plasfich.pt\/es\/wp-json\/wp\/v2\/tags?post=956"}],"curies":[{"name":"wp","href":"https:\/\/api.w.org\/{rel}","templated":true}]}}