{"id":940,"date":"2025-07-25T22:15:05","date_gmt":"2025-07-25T22:15:05","guid":{"rendered":"https:\/\/plasfich.pt\/plasfich-en-el-17-o-congreso-del-agua\/"},"modified":"2025-09-27T10:54:47","modified_gmt":"2025-09-27T10:54:47","slug":"plasfich-en-el-17-o-congreso-del-agua","status":"publish","type":"post","link":"https:\/\/plasfich.pt\/es\/plasfich-en-el-17-o-congreso-del-agua\/","title":{"rendered":"Plasfich en el 17.\u00ba Congreso del Agua"},"content":{"rendered":"\n<h3 class=\"wp-block-heading\"><strong>Patrocinadores y Ponentes Destacados<\/strong><\/h3>\n\n<p>Plasfich estuvo presente en el <strong>17.\u00ba Congreso del Agua<\/strong>, organizado por la Asociaci\u00f3n Portuguesa de los Recursos H\u00eddricos, que tuvo lugar entre los d\u00edas <strong>8 y 11 de abril de 2025<\/strong>.<\/p>\n\n<p>Com orgulho, particip\u00e1mos como <strong>patrocinadores Bronze<\/strong>, refor\u00e7ando o nosso compromisso com a inova\u00e7\u00e3o e a sustentabilidade no sector da \u00e1gua.<\/p>\n\n<p>No dia <strong>9 de abril<\/strong>, o nosso respons\u00e1vel de Inova\u00e7\u00e3o e Desenvolvimento, o <strong>Professor Ver\u00edssimo Dias<\/strong>, foi um dos oradores convidados, contribuindo para a reflex\u00e3o t\u00e9cnica e cient\u00edfica com uma confer\u00eancia sobre:<br\/><strong>\u00abFitodepura\u00e7\u00e3o Avan\u00e7ada com Arejamento For\u00e7ado e Gest\u00e3o da Fase S\u00f3lida\u00bb<\/strong>.<br\/>A apresenta\u00e7\u00e3o destacou solu\u00e7\u00f5es inovadoras desenvolvidas pela Plasfich para o tratamento de \u00e1guas residuais, com enfoque na efici\u00eancia energ\u00e9tica, na valoriza\u00e7\u00e3o de recursos e na sustentabilidade ambiental.<\/p>\n\n<p>Agradecemos a la organizaci\u00f3n del Congreso la oportunidad de compartir conocimiento y de promover el di\u00e1logo entre especialistas, instituciones y empresas del sector.<\/p>\n","protected":false},"excerpt":{"rendered":"<p>Patrocinadores y Ponentes Destacados Plasfich estuvo presente en el 17.\u00ba Congreso del Agua, organizado por la Asociaci\u00f3n Portuguesa de los Recursos H\u00eddricos, que tuvo lugar entre<span class=\"excerpt-hellip\"> [\u2026]<\/span><\/p>\n","protected":false},"author":2,"featured_media":941,"comment_status":"closed","ping_status":"closed","sticky":false,"template":"","format":"standard","meta":{"footnotes":""},"categories":[54],"tags":[],"class_list":["post-940","post","type-post","status-publish","format-standard","has-post-thumbnail","hentry","category-noticias"],"_links":{"self":[{"href":"https:\/\/plasfich.pt\/es\/wp-json\/wp\/v2\/posts\/940","targetHints":{"allow":["GET"]}}],"collection":[{"href":"https:\/\/plasfich.pt\/es\/wp-json\/wp\/v2\/posts"}],"about":[{"href":"https:\/\/plasfich.pt\/es\/wp-json\/wp\/v2\/types\/post"}],"author":[{"embeddable":true,"href":"https:\/\/plasfich.pt\/es\/wp-json\/wp\/v2\/users\/2"}],"replies":[{"embeddable":true,"href":"https:\/\/plasfich.pt\/es\/wp-json\/wp\/v2\/comments?post=940"}],"version-history":[{"count":2,"href":"https:\/\/plasfich.pt\/es\/wp-json\/wp\/v2\/posts\/940\/revisions"}],"predecessor-version":[{"id":1034,"href":"https:\/\/plasfich.pt\/es\/wp-json\/wp\/v2\/posts\/940\/revisions\/1034"}],"wp:featuredmedia":[{"embeddable":true,"href":"https:\/\/plasfich.pt\/es\/wp-json\/wp\/v2\/media\/941"}],"wp:attachment":[{"href":"https:\/\/plasfich.pt\/es\/wp-json\/wp\/v2\/media?parent=940"}],"wp:term":[{"taxonomy":"category","embeddable":true,"href":"https:\/\/plasfich.pt\/es\/wp-json\/wp\/v2\/categories?post=940"},{"taxonomy":"post_tag","embeddable":true,"href":"https:\/\/plasfich.pt\/es\/wp-json\/wp\/v2\/tags?post=940"}],"curies":[{"name":"wp","href":"https:\/\/api.w.org\/{rel}","templated":true}]}}